{"id":19089,"date":"2021-03-24T13:50:35","date_gmt":"2021-03-24T12:50:35","guid":{"rendered":"http:\/\/resarquitectura.blogs.upv.es\/?p=19089"},"modified":"2022-09-20T13:11:11","modified_gmt":"2022-09-20T12:11:11","slug":"proyecto-versus-heritage-for-people","status":"publish","type":"post","link":"https:\/\/resarquitectura.blogs.upv.es\/?p=19089","title":{"rendered":"Proyecto Versus + | Heritage for PEOPLE"},"content":{"rendered":"<p class=\"wp-block-paragraph\"> Proyecto de investigaci\u00f3n financiado por la Uni\u00f3n Europea (2019-2023). M\u00e1s informaci\u00f3n sobre el proyecto disponible en la <a href=\"https:\/\/versus-people.webs.upv.es\">p\u00e1gina web<\/a> <\/p>\n\n\n\n<figure class=\"wp-block-image size-large\"><a href=\"https:\/\/versus-people.webs.upv.es\"><img loading=\"lazy\" decoding=\"async\" width=\"1024\" height=\"652\" src=\"http:\/\/resarquitectura.blogs.upv.es\/wp-content\/uploads\/2021\/03\/Versus-1-1-1024x652.png\" alt=\"\" class=\"wp-image-19098\" srcset=\"https:\/\/resarquitectura.blogs.upv.es\/wp-content\/uploads\/2021\/03\/Versus-1-1-1024x652.png 1024w, https:\/\/resarquitectura.blogs.upv.es\/wp-content\/uploads\/2021\/03\/Versus-1-1-300x191.png 300w, https:\/\/resarquitectura.blogs.upv.es\/wp-content\/uploads\/2021\/03\/Versus-1-1-768x489.png 768w, https:\/\/resarquitectura.blogs.upv.es\/wp-content\/uploads\/2021\/03\/Versus-1-1-1536x978.png 1536w, https:\/\/resarquitectura.blogs.upv.es\/wp-content\/uploads\/2021\/03\/Versus-1-1-2048x1305.png 2048w\" sizes=\"auto, (max-width: 1024px) 100vw, 1024px\" \/><\/a><\/figure>","protected":false},"excerpt":{"rendered":"<p class=\"excerpt\">Proyecto de investigaci\u00f3n financiado por la Uni\u00f3n Europea (2019-2023). M\u00e1s informaci\u00f3n sobre el proyecto disponible en la p\u00e1gina web<\/p>\n<p class=\"more-link-p\"><a class=\"btn btn-default\" href=\"https:\/\/resarquitectura.blogs.upv.es\/?p=19089\">Read more<\/a><\/p>\n","protected":false},"author":23693,"featured_media":0,"comment_status":"closed","ping_status":"open","sticky":true,"template":"","format":"standard","meta":{"ngg_post_thumbnail":0,"footnotes":""},"categories":[64],"tags":[],"class_list":["post-19089","post","type-post","status-publish","format-standard","hentry","category-sin-categoria"],"aioseo_notices":[],"aioseo_head":"\n\t\t<!-- All in One SEO 5.0.1.1 - aioseo.com -->\n\t<meta name=\"description\" content=\"Proyecto de investigaci\u00f3n financiado por la Uni\u00f3n Europea (2019-2023). M\u00e1s informaci\u00f3n sobre el proyecto disponible en la p\u00e1gina web\" \/>\n\t<meta name=\"robots\" content=\"max-image-preview:large\" \/>\n\t<meta name=\"author\" content=\"malidde\"\/>\n\t<link rel=\"canonical\" href=\"https:\/\/resarquitectura.blogs.upv.es\/?p=19089\" \/>\n\t<meta name=\"generator\" content=\"All in One SEO (AIOSEO) 5.0.1.1\" \/>\n\t\t<meta property=\"og:locale\" content=\"es_ES\" \/>\n\t\t<meta property=\"og:site_name\" content=\"RES-Arquitectura | Investigaci\u00f3n, Restauraci\u00f3n y Difusi\u00f3n del Patrimonio Arquitect\u00f3nico | Directores: Camilla Mileto &amp; Fernando Vegas\" \/>\n\t\t<meta property=\"og:type\" content=\"article\" \/>\n\t\t<meta property=\"og:title\" content=\"Proyecto Versus + | Heritage for PEOPLE | RES-Arquitectura\" \/>\n\t\t<meta property=\"og:description\" content=\"Proyecto de investigaci\u00f3n financiado por la Uni\u00f3n Europea (2019-2023). M\u00e1s informaci\u00f3n sobre el proyecto disponible en la p\u00e1gina web\" \/>\n\t\t<meta property=\"og:url\" content=\"https:\/\/resarquitectura.blogs.upv.es\/?p=19089\" \/>\n\t\t<meta property=\"article:published_time\" content=\"2021-03-24T12:50:35+00:00\" \/>\n\t\t<meta property=\"article:modified_time\" content=\"2022-09-20T12:11:11+00:00\" \/>\n\t\t<meta name=\"twitter:card\" content=\"summary\" \/>\n\t\t<meta name=\"twitter:title\" content=\"Proyecto Versus + | Heritage for PEOPLE | RES-Arquitectura\" \/>\n\t\t<meta name=\"twitter:description\" content=\"Proyecto de investigaci\u00f3n financiado por la Uni\u00f3n Europea (2019-2023). M\u00e1s informaci\u00f3n sobre el proyecto disponible en la p\u00e1gina web\" \/>\n\t\t<script type=\"application\/ld+json\" class=\"aioseo-schema\">\n\t\t\t{\"@context\":\"https:\\\/\\\/schema.org\",\"@graph\":[{\"@type\":\"Article\",\"@id\":\"https:\\\/\\\/resarquitectura.blogs.upv.es\\\/?p=19089#article\",\"name\":\"Proyecto Versus + | Heritage for PEOPLE | RES-Arquitectura\",\"headline\":\"Proyecto Versus + | Heritage for PEOPLE\",\"author\":{\"@id\":\"https:\\\/\\\/resarquitectura.blogs.upv.es\\\/?author=23693#author\"},\"publisher\":{\"@id\":\"https:\\\/\\\/resarquitectura.blogs.upv.es\\\/#organization\"},\"image\":{\"@type\":\"ImageObject\",\"url\":\"http:\\\/\\\/resarquitectura.blogs.upv.es\\\/wp-content\\\/uploads\\\/2021\\\/03\\\/Versus-1-1-1024x652.png\",\"@id\":\"https:\\\/\\\/resarquitectura.blogs.upv.es\\\/?p=19089\\\/#articleImage\"},\"datePublished\":\"2021-03-24T13:50:35+01:00\",\"dateModified\":\"2022-09-20T13:11:11+01:00\",\"inLanguage\":\"es-ES\",\"mainEntityOfPage\":{\"@id\":\"https:\\\/\\\/resarquitectura.blogs.upv.es\\\/?p=19089#webpage\"},\"isPartOf\":{\"@id\":\"https:\\\/\\\/resarquitectura.blogs.upv.es\\\/?p=19089#webpage\"},\"articleSection\":\"Sin categor\\u00eda\"},{\"@type\":\"BreadcrumbList\",\"@id\":\"https:\\\/\\\/resarquitectura.blogs.upv.es\\\/?p=19089#breadcrumblist\",\"itemListElement\":[{\"@type\":\"ListItem\",\"@id\":\"https:\\\/\\\/resarquitectura.blogs.upv.es#listItem\",\"position\":1,\"name\":\"Home\",\"item\":\"https:\\\/\\\/resarquitectura.blogs.upv.es\",\"nextItem\":{\"@type\":\"ListItem\",\"@id\":\"https:\\\/\\\/resarquitectura.blogs.upv.es\\\/?cat=64#listItem\",\"name\":\"Sin categor\\u00eda\"}},{\"@type\":\"ListItem\",\"@id\":\"https:\\\/\\\/resarquitectura.blogs.upv.es\\\/?cat=64#listItem\",\"position\":2,\"name\":\"Sin categor\\u00eda\",\"item\":\"https:\\\/\\\/resarquitectura.blogs.upv.es\\\/?cat=64\",\"nextItem\":{\"@type\":\"ListItem\",\"@id\":\"https:\\\/\\\/resarquitectura.blogs.upv.es\\\/?p=19089#listItem\",\"name\":\"Proyecto Versus + | Heritage for PEOPLE\"},\"previousItem\":{\"@type\":\"ListItem\",\"@id\":\"https:\\\/\\\/resarquitectura.blogs.upv.es#listItem\",\"name\":\"Home\"}},{\"@type\":\"ListItem\",\"@id\":\"https:\\\/\\\/resarquitectura.blogs.upv.es\\\/?p=19089#listItem\",\"position\":3,\"name\":\"Proyecto Versus + | Heritage for PEOPLE\",\"previousItem\":{\"@type\":\"ListItem\",\"@id\":\"https:\\\/\\\/resarquitectura.blogs.upv.es\\\/?cat=64#listItem\",\"name\":\"Sin categor\\u00eda\"}}]},{\"@type\":\"Organization\",\"@id\":\"https:\\\/\\\/resarquitectura.blogs.upv.es\\\/#organization\",\"name\":\"RES-Arquitectura\",\"description\":\"Investigaci\\u00f3n, Restauraci\\u00f3n y Difusi\\u00f3n del Patrimonio Arquitect\\u00f3nico | Directores: Camilla Mileto & Fernando Vegas\",\"url\":\"https:\\\/\\\/resarquitectura.blogs.upv.es\\\/\"},{\"@type\":\"Person\",\"@id\":\"https:\\\/\\\/resarquitectura.blogs.upv.es\\\/?author=23693#author\",\"url\":\"https:\\\/\\\/resarquitectura.blogs.upv.es\\\/?author=23693\",\"name\":\"malidde\"},{\"@type\":\"WebPage\",\"@id\":\"https:\\\/\\\/resarquitectura.blogs.upv.es\\\/?p=19089#webpage\",\"url\":\"https:\\\/\\\/resarquitectura.blogs.upv.es\\\/?p=19089\",\"name\":\"Proyecto Versus + | Heritage for PEOPLE | RES-Arquitectura\",\"description\":\"Proyecto de investigaci\\u00f3n financiado por la Uni\\u00f3n Europea (2019-2023). M\\u00e1s informaci\\u00f3n sobre el proyecto disponible en la p\\u00e1gina web\",\"inLanguage\":\"es-ES\",\"isPartOf\":{\"@id\":\"https:\\\/\\\/resarquitectura.blogs.upv.es\\\/#website\"},\"breadcrumb\":{\"@id\":\"https:\\\/\\\/resarquitectura.blogs.upv.es\\\/?p=19089#breadcrumblist\"},\"author\":{\"@id\":\"https:\\\/\\\/resarquitectura.blogs.upv.es\\\/?author=23693#author\"},\"creator\":{\"@id\":\"https:\\\/\\\/resarquitectura.blogs.upv.es\\\/?author=23693#author\"},\"datePublished\":\"2021-03-24T13:50:35+01:00\",\"dateModified\":\"2022-09-20T13:11:11+01:00\"},{\"@type\":\"WebSite\",\"@id\":\"https:\\\/\\\/resarquitectura.blogs.upv.es\\\/#website\",\"url\":\"https:\\\/\\\/resarquitectura.blogs.upv.es\\\/\",\"name\":\"RES-Arquitectura\",\"description\":\"Investigaci\\u00f3n, Restauraci\\u00f3n y Difusi\\u00f3n del Patrimonio Arquitect\\u00f3nico | Directores: Camilla Mileto & Fernando Vegas\",\"inLanguage\":\"es-ES\",\"publisher\":{\"@id\":\"https:\\\/\\\/resarquitectura.blogs.upv.es\\\/#organization\"}}]}\n\t\t<\/script>\n\t\t<!-- All in One SEO -->\n\n","aioseo_head_json":{"title":"Proyecto Versus + | Heritage for PEOPLE | RES-Arquitectura","description":"Proyecto de investigaci\u00f3n financiado por la Uni\u00f3n Europea (2019-2023). M\u00e1s informaci\u00f3n sobre el proyecto disponible en la p\u00e1gina web","canonical_url":"https:\/\/resarquitectura.blogs.upv.es\/?p=19089","robots":"max-image-preview:large","keywords":"","webmasterTools":{"miscellaneous":""},"schema":{"@context":"https:\/\/schema.org","@graph":[{"@type":"Article","@id":"https:\/\/resarquitectura.blogs.upv.es\/?p=19089#article","name":"Proyecto Versus + | Heritage for PEOPLE | RES-Arquitectura","headline":"Proyecto Versus + | Heritage for PEOPLE","author":{"@id":"https:\/\/resarquitectura.blogs.upv.es\/?author=23693#author"},"publisher":{"@id":"https:\/\/resarquitectura.blogs.upv.es\/#organization"},"image":{"@type":"ImageObject","url":"http:\/\/resarquitectura.blogs.upv.es\/wp-content\/uploads\/2021\/03\/Versus-1-1-1024x652.png","@id":"https:\/\/resarquitectura.blogs.upv.es\/?p=19089\/#articleImage"},"datePublished":"2021-03-24T13:50:35+01:00","dateModified":"2022-09-20T13:11:11+01:00","inLanguage":"es-ES","mainEntityOfPage":{"@id":"https:\/\/resarquitectura.blogs.upv.es\/?p=19089#webpage"},"isPartOf":{"@id":"https:\/\/resarquitectura.blogs.upv.es\/?p=19089#webpage"},"articleSection":"Sin categor\u00eda"},{"@type":"BreadcrumbList","@id":"https:\/\/resarquitectura.blogs.upv.es\/?p=19089#breadcrumblist","itemListElement":[{"@type":"ListItem","@id":"https:\/\/resarquitectura.blogs.upv.es#listItem","position":1,"name":"Home","item":"https:\/\/resarquitectura.blogs.upv.es","nextItem":{"@type":"ListItem","@id":"https:\/\/resarquitectura.blogs.upv.es\/?cat=64#listItem","name":"Sin categor\u00eda"}},{"@type":"ListItem","@id":"https:\/\/resarquitectura.blogs.upv.es\/?cat=64#listItem","position":2,"name":"Sin categor\u00eda","item":"https:\/\/resarquitectura.blogs.upv.es\/?cat=64","nextItem":{"@type":"ListItem","@id":"https:\/\/resarquitectura.blogs.upv.es\/?p=19089#listItem","name":"Proyecto Versus + | Heritage for PEOPLE"},"previousItem":{"@type":"ListItem","@id":"https:\/\/resarquitectura.blogs.upv.es#listItem","name":"Home"}},{"@type":"ListItem","@id":"https:\/\/resarquitectura.blogs.upv.es\/?p=19089#listItem","position":3,"name":"Proyecto Versus + | Heritage for PEOPLE","previousItem":{"@type":"ListItem","@id":"https:\/\/resarquitectura.blogs.upv.es\/?cat=64#listItem","name":"Sin categor\u00eda"}}]},{"@type":"Organization","@id":"https:\/\/resarquitectura.blogs.upv.es\/#organization","name":"RES-Arquitectura","description":"Investigaci\u00f3n, Restauraci\u00f3n y Difusi\u00f3n del Patrimonio Arquitect\u00f3nico | Directores: Camilla Mileto & Fernando Vegas","url":"https:\/\/resarquitectura.blogs.upv.es\/"},{"@type":"Person","@id":"https:\/\/resarquitectura.blogs.upv.es\/?author=23693#author","url":"https:\/\/resarquitectura.blogs.upv.es\/?author=23693","name":"malidde"},{"@type":"WebPage","@id":"https:\/\/resarquitectura.blogs.upv.es\/?p=19089#webpage","url":"https:\/\/resarquitectura.blogs.upv.es\/?p=19089","name":"Proyecto Versus + | Heritage for PEOPLE | RES-Arquitectura","description":"Proyecto de investigaci\u00f3n financiado por la Uni\u00f3n Europea (2019-2023). M\u00e1s informaci\u00f3n sobre el proyecto disponible en la p\u00e1gina web","inLanguage":"es-ES","isPartOf":{"@id":"https:\/\/resarquitectura.blogs.upv.es\/#website"},"breadcrumb":{"@id":"https:\/\/resarquitectura.blogs.upv.es\/?p=19089#breadcrumblist"},"author":{"@id":"https:\/\/resarquitectura.blogs.upv.es\/?author=23693#author"},"creator":{"@id":"https:\/\/resarquitectura.blogs.upv.es\/?author=23693#author"},"datePublished":"2021-03-24T13:50:35+01:00","dateModified":"2022-09-20T13:11:11+01:00"},{"@type":"WebSite","@id":"https:\/\/resarquitectura.blogs.upv.es\/#website","url":"https:\/\/resarquitectura.blogs.upv.es\/","name":"RES-Arquitectura","description":"Investigaci\u00f3n, Restauraci\u00f3n y Difusi\u00f3n del Patrimonio Arquitect\u00f3nico | Directores: Camilla Mileto & Fernando Vegas","inLanguage":"es-ES","publisher":{"@id":"https:\/\/resarquitectura.blogs.upv.es\/#organization"}}]},"og:locale":"es_ES","og:site_name":"RES-Arquitectura | Investigaci\u00f3n, Restauraci\u00f3n y Difusi\u00f3n del Patrimonio Arquitect\u00f3nico | Directores: Camilla Mileto &amp; Fernando Vegas","og:type":"article","og:title":"Proyecto Versus + | Heritage for PEOPLE | RES-Arquitectura","og:description":"Proyecto de investigaci\u00f3n financiado por la Uni\u00f3n Europea (2019-2023). M\u00e1s informaci\u00f3n sobre el proyecto disponible en la p\u00e1gina web","og:url":"https:\/\/resarquitectura.blogs.upv.es\/?p=19089","article:published_time":"2021-03-24T12:50:35+00:00","article:modified_time":"2022-09-20T12:11:11+00:00","twitter:card":"summary","twitter:title":"Proyecto Versus + | Heritage for PEOPLE | RES-Arquitectura","twitter:description":"Proyecto de investigaci\u00f3n financiado por la Uni\u00f3n Europea (2019-2023). M\u00e1s informaci\u00f3n sobre el proyecto disponible en la p\u00e1gina web"},"aioseo_meta_data":{"post_id":"19089","title":null,"description":null,"keywords":[],"keyphrases":{"focus":[],"additional":[]},"primary_term":null,"canonical_url":null,"og_title":null,"og_description":null,"og_object_type":"default","og_image_type":"default","og_image_url":null,"og_image_width":null,"og_image_height":null,"og_image_custom_url":null,"og_image_custom_fields":null,"og_video":"","og_custom_url":null,"og_article_section":null,"og_article_tags":[],"twitter_use_og":false,"twitter_card":"default","twitter_image_type":"default","twitter_image_url":null,"twitter_image_custom_url":null,"twitter_image_custom_fields":null,"twitter_title":null,"twitter_description":null,"schema":{"blockGraphs":[],"customGraphs":[],"default":{"data":{"Article":[],"Course":[],"Dataset":[],"FAQPage":[],"Movie":[],"Person":[],"Product":[],"ProductReview":[],"Car":[],"Recipe":[],"Service":[],"SoftwareApplication":[],"WebPage":[]},"graphName":"","isEnabled":true},"graphs":[]},"schema_type":"default","schema_type_options":"{\"article\":{\"articleType\":\"BlogPosting\"},\"course\":{\"name\":\"\",\"description\":\"\",\"provider\":\"\"},\"faq\":{\"pages\":[]},\"product\":{\"reviews\":[]},\"recipe\":{\"ingredients\":[],\"instructions\":[],\"keywords\":[]},\"software\":{\"reviews\":[],\"operatingSystems\":[]},\"webPage\":{\"webPageType\":\"WebPage\"}}","pillar_content":false,"robots_default":true,"robots_noindex":false,"robots_noarchive":false,"robots_nosnippet":false,"robots_nofollow":false,"robots_noimageindex":false,"robots_noodp":false,"robots_notranslate":false,"robots_max_snippet":"-1","robots_max_videopreview":"-1","robots_max_imagepreview":"large","priority":null,"frequency":"default","local_seo":{"businessInfo":{"name":"","urls":{"website":"","aboutPage":"","contactPage":""},"address":{"line1":"","line2":"","zip":"","city":"","state":"","country":""},"contact":{"email":"","phone":"","fax":""},"ids":{"vatID":"","taxID":"","chamberID":""},"payment":{"priceIndication":"","currenciesAccepted":"","methodsAccepted":""},"areaServed":""},"openingHours":{"show":false,"closedLabel":"","open24h":false,"open24hLabel":"","open247":false,"use24hFormat":false,"twoSets":false,"timezone":"","hours":[]}},"breadcrumb_settings":null,"limit_modified_date":false,"ai":null,"created":"2021-03-24 12:38:18","updated":"2022-09-14 09:41:35","seo_analyzer_scan_date":null,"focus_keyword":null,"additional_keywords":null,"truseo_locale":null},"aioseo_breadcrumb":"<div class=\"aioseo-breadcrumbs\"><span class=\"aioseo-breadcrumb\">\n\t\t\t<a href=\"https:\/\/resarquitectura.blogs.upv.es\" title=\"Home\">Home<\/a>\n\t\t<\/span><span class=\"aioseo-breadcrumb-separator\">&raquo;<\/span><span class=\"aioseo-breadcrumb\">\n\t\t\t<a href=\"https:\/\/resarquitectura.blogs.upv.es\/?cat=64\" title=\"Sin categor\u00eda\">Sin categor\u00eda<\/a>\n\t\t<\/span><span class=\"aioseo-breadcrumb-separator\">&raquo;<\/span><span class=\"aioseo-breadcrumb\">\n\t\t\tProyecto Versus + | Heritage for PEOPLE\n\t\t<\/span><\/div>","aioseo_breadcrumb_json":[{"label":"Home","link":"https:\/\/resarquitectura.blogs.upv.es"},{"label":"Sin categor\u00eda","link":"https:\/\/resarquitectura.blogs.upv.es\/?cat=64"},{"label":"Proyecto Versus + | Heritage for PEOPLE","link":"https:\/\/resarquitectura.blogs.upv.es\/?p=19089"}],"_links":{"self":[{"href":"https:\/\/resarquitectura.blogs.upv.es\/index.php?rest_route=\/wp\/v2\/posts\/19089","targetHints":{"allow":["GET"]}}],"collection":[{"href":"https:\/\/resarquitectura.blogs.upv.es\/index.php?rest_route=\/wp\/v2\/posts"}],"about":[{"href":"https:\/\/resarquitectura.blogs.upv.es\/index.php?rest_route=\/wp\/v2\/types\/post"}],"author":[{"embeddable":true,"href":"https:\/\/resarquitectura.blogs.upv.es\/index.php?rest_route=\/wp\/v2\/users\/23693"}],"replies":[{"embeddable":true,"href":"https:\/\/resarquitectura.blogs.upv.es\/index.php?rest_route=%2Fwp%2Fv2%2Fcomments&post=19089"}],"version-history":[{"count":2,"href":"https:\/\/resarquitectura.blogs.upv.es\/index.php?rest_route=\/wp\/v2\/posts\/19089\/revisions"}],"predecessor-version":[{"id":19116,"href":"https:\/\/resarquitectura.blogs.upv.es\/index.php?rest_route=\/wp\/v2\/posts\/19089\/revisions\/19116"}],"wp:attachment":[{"href":"https:\/\/resarquitectura.blogs.upv.es\/index.php?rest_route=%2Fwp%2Fv2%2Fmedia&parent=19089"}],"wp:term":[{"taxonomy":"category","embeddable":true,"href":"https:\/\/resarquitectura.blogs.upv.es\/index.php?rest_route=%2Fwp%2Fv2%2Fcategories&post=19089"},{"taxonomy":"post_tag","embeddable":true,"href":"https:\/\/resarquitectura.blogs.upv.es\/index.php?rest_route=%2Fwp%2Fv2%2Ftags&post=19089"}],"curies":[{"name":"wp","href":"https:\/\/api.w.org\/{rel}","templated":true}]}}